{"id":16858,"date":"2023-10-26T09:49:22","date_gmt":"2023-10-26T12:49:22","guid":{"rendered":"https:\/\/www.miguelfaccio.com.br\/blog\/?p=16858"},"modified":"2023-10-26T09:49:25","modified_gmt":"2023-10-26T12:49:25","slug":"plv3542-livro-24-diario-20-05-2021","status":"publish","type":"post","link":"https:\/\/www.miguelfaccio.com.br\/blog\/index.php\/plv3542-livro-24-diario-20-05-2021\/","title":{"rendered":"PLV3542 &#8211; Livro 24 &#8211; Di\u00e1rio, 20\/05\/2021"},"content":{"rendered":"\n<p class=\"has-text-align-right\"><strong>20\/05\/2021<\/strong><\/p>\n\n\n\n<p>O ser humano \u00e9 um ser muito estranho. S\u00f3 acredita no dirigente de sua igreja. Diga a asneira que disser, sempre ser\u00e1 acreditado. N\u00e3o h\u00e1 por parte de seus fi\u00e9is um questionamento, uma an\u00e1lise sopesando o que disse. Dizem que a f\u00e9 \u00e9 cega, algumas vezes \u00e9 imbecil. Est\u00e1 certo, os seres humanos s\u00e3o seres sem mem\u00f3ria. N\u00e3o s\u00e3o capazes de buscar, em seu passado, par\u00e2metros para analisar o que lhes \u00e9 dito. Buscam constantemente a satisfa\u00e7\u00e3o imediata de seus sentidos. S\u00e3o incapazes de analisar as realidades que lhes s\u00e3o colocadas pelas boas fal\u00e1cias, sem se preocupar com as consequ\u00eancias que possam surgir delas. N\u00e3o se preocupam mais com sua individualidade, sua evolu\u00e7\u00e3o, o que ser\u00e1 quando a morte ceifar seu corpo? Ser\u00e1 que ainda h\u00e1 algo que subsiste \u00e0 morte? Essas coisas n\u00e3o t\u00eam lugar em seu dia a dia, preferem seu celular com uma linguagem monossil\u00e1bica, inintelig\u00edvel, isso \u00e9 de primaz import\u00e2ncia. Quem \u00e9? O que veio fazer aqui? Para onde vai? Esses questionamentos n\u00e3o cabem em sua cabe\u00e7a. N\u00e3o os acostumaram a pensar. Simplesmente reverberam pensamentos do passado que lhes passaram como a mais pura verdade. A verdade \u00e9 a sua, que sempre \u00e9 maior do que a dos outros. Quando se trata de buscar sua massa cinzenta, s\u00e3o incapazes de raciocinar, porque seu c\u00e9rebro n\u00e3o tem par\u00e2metros, n\u00e3o tem bases onde assentar seus pensamentos, sua l\u00f3gica e sua raz\u00e3o. Essa gera\u00e7\u00e3o que est\u00e1 aportando a\u00ed para a vida \u00e9 a express\u00e3o da vida oca.<\/p>\n","protected":false},"excerpt":{"rendered":"<p>20\/05\/2021 O ser humano \u00e9 um ser muito estranho. S\u00f3 acredita no dirigente de sua igreja. Diga a asneira que disser, sempre ser\u00e1 acreditado. N\u00e3o h\u00e1 por parte de seus fi\u00e9is um questionamento, uma an\u00e1lise sopesando o que disse. Dizem que a f\u00e9 \u00e9 cega, algumas vezes \u00e9 imbecil. Est\u00e1 certo, os seres humanos s\u00e3o [&hellip;]<\/p>\n","protected":false},"author":1,"featured_media":0,"comment_status":"open","ping_status":"open","sticky":false,"template":"","format":"standard","meta":{"_mi_skip_tracking":false},"categories":[30],"tags":[],"_links":{"self":[{"href":"https:\/\/www.miguelfaccio.com.br\/blog\/index.php\/wp-json\/wp\/v2\/posts\/16858"}],"collection":[{"href":"https:\/\/www.miguelfaccio.com.br\/blog\/index.php\/wp-json\/wp\/v2\/posts"}],"about":[{"href":"https:\/\/www.miguelfaccio.com.br\/blog\/index.php\/wp-json\/wp\/v2\/types\/post"}],"author":[{"embeddable":true,"href":"https:\/\/www.miguelfaccio.com.br\/blog\/index.php\/wp-json\/wp\/v2\/users\/1"}],"replies":[{"embeddable":true,"href":"https:\/\/www.miguelfaccio.com.br\/blog\/index.php\/wp-json\/wp\/v2\/comments?post=16858"}],"version-history":[{"count":1,"href":"https:\/\/www.miguelfaccio.com.br\/blog\/index.php\/wp-json\/wp\/v2\/posts\/16858\/revisions"}],"predecessor-version":[{"id":16859,"href":"https:\/\/www.miguelfaccio.com.br\/blog\/index.php\/wp-json\/wp\/v2\/posts\/16858\/revisions\/16859"}],"wp:attachment":[{"href":"https:\/\/www.miguelfaccio.com.br\/blog\/index.php\/wp-json\/wp\/v2\/media?parent=16858"}],"wp:term":[{"taxonomy":"category","embeddable":true,"href":"https:\/\/www.miguelfaccio.com.br\/blog\/index.php\/wp-json\/wp\/v2\/categories?post=16858"},{"taxonomy":"post_tag","embeddable":true,"href":"https:\/\/www.miguelfaccio.com.br\/blog\/index.php\/wp-json\/wp\/v2\/tags?post=16858"}],"curies":[{"name":"wp","href":"https:\/\/api.w.org\/{rel}","templated":true}]}}