{"id":16854,"date":"2023-10-25T07:36:23","date_gmt":"2023-10-25T10:36:23","guid":{"rendered":"https:\/\/www.miguelfaccio.com.br\/blog\/?p=16854"},"modified":"2023-10-25T07:36:26","modified_gmt":"2023-10-25T10:36:26","slug":"plv3541-livro-24-diario-19-05-2021","status":"publish","type":"post","link":"https:\/\/www.miguelfaccio.com.br\/blog\/index.php\/plv3541-livro-24-diario-19-05-2021\/","title":{"rendered":"PLV3541 &#8211; Livro 24 &#8211; Di\u00e1rio, 19\/05\/2021"},"content":{"rendered":"\n<p class=\"has-text-align-right\"><strong>19\/05\/2021<\/strong><\/p>\n\n\n\n<p>Os dias passam, as dificuldades aumentam e aumenta tamb\u00e9m a fome de milh\u00f5es de pessoas que n\u00e3o conseguem trabalhar para levar o p\u00e3o para p\u00f4r na mesa da fam\u00edlia. Quem mais sofre \u00e9 quem menos tem e s\u00f3 dispunha do sal\u00e1rio, que n\u00e3o existe mais, para satisfazer a necessidade alimentar da fam\u00edlia. A situa\u00e7\u00e3o torna-se muito mais premente quando os governantes desumanos n\u00e3o prov\u00eam as formas de diminuir a incid\u00eancia desse pat\u00f3geno que ceifa a vida de quem n\u00e3o fizer o que \u00e9 necess\u00e1rio para o evitar. Esses governantes n\u00e3o est\u00e3o nem a\u00ed pela necessidade do povo que governam, o que querem \u00e9 s\u00f3 efeitos pol\u00edticos. Sei que, do andar de cima, h\u00e1 legi\u00f5es de seres altamente evolu\u00eddos que est\u00e3o vendo o sofrimento de tantos seres, causados pela indiferen\u00e7a de tantos dirigentes. \u00c9 preciso urg\u00eancia em tomada de decis\u00f5es, \u00e9 o que sentimos aqui embaixo, mas n\u00e3o temos o poder decis\u00f3rio e, portanto, curvamos a cabe\u00e7a para somente suplicar aos nossos maiores a necess\u00e1ria limpeza do planeta, porque ele tamb\u00e9m sofre pela devasta\u00e7\u00e3o de suas matas, pela putrefa\u00e7\u00e3o de suas \u00e1guas e pela lixeira em que se transformaram os seus mares. A urg\u00eancia n\u00e3o \u00e9 s\u00f3 da fome dos seres, mas o planeta tamb\u00e9m tem fome e sede. Pouco ainda resta que possa saci\u00e1-lo. Que este lindo planeta azul n\u00e3o seja destru\u00eddo pela gan\u00e2ncia e pela irracionalidade de alguns governantes de parcelas de seu territ\u00f3rio. Que n\u00e3o se torne o fim do Jardim do \u00c9den, da Nova Jerusal\u00e9m e, especialmente, da P\u00e1tria do Evangelho.<\/p>\n","protected":false},"excerpt":{"rendered":"<p>19\/05\/2021 Os dias passam, as dificuldades aumentam e aumenta tamb\u00e9m a fome de milh\u00f5es de pessoas que n\u00e3o conseguem trabalhar para levar o p\u00e3o para p\u00f4r na mesa da fam\u00edlia. Quem mais sofre \u00e9 quem menos tem e s\u00f3 dispunha do sal\u00e1rio, que n\u00e3o existe mais, para satisfazer a necessidade alimentar da fam\u00edlia. A situa\u00e7\u00e3o [&hellip;]<\/p>\n","protected":false},"author":1,"featured_media":0,"comment_status":"open","ping_status":"open","sticky":false,"template":"","format":"standard","meta":{"_mi_skip_tracking":false},"categories":[30],"tags":[],"_links":{"self":[{"href":"https:\/\/www.miguelfaccio.com.br\/blog\/index.php\/wp-json\/wp\/v2\/posts\/16854"}],"collection":[{"href":"https:\/\/www.miguelfaccio.com.br\/blog\/index.php\/wp-json\/wp\/v2\/posts"}],"about":[{"href":"https:\/\/www.miguelfaccio.com.br\/blog\/index.php\/wp-json\/wp\/v2\/types\/post"}],"author":[{"embeddable":true,"href":"https:\/\/www.miguelfaccio.com.br\/blog\/index.php\/wp-json\/wp\/v2\/users\/1"}],"replies":[{"embeddable":true,"href":"https:\/\/www.miguelfaccio.com.br\/blog\/index.php\/wp-json\/wp\/v2\/comments?post=16854"}],"version-history":[{"count":1,"href":"https:\/\/www.miguelfaccio.com.br\/blog\/index.php\/wp-json\/wp\/v2\/posts\/16854\/revisions"}],"predecessor-version":[{"id":16855,"href":"https:\/\/www.miguelfaccio.com.br\/blog\/index.php\/wp-json\/wp\/v2\/posts\/16854\/revisions\/16855"}],"wp:attachment":[{"href":"https:\/\/www.miguelfaccio.com.br\/blog\/index.php\/wp-json\/wp\/v2\/media?parent=16854"}],"wp:term":[{"taxonomy":"category","embeddable":true,"href":"https:\/\/www.miguelfaccio.com.br\/blog\/index.php\/wp-json\/wp\/v2\/categories?post=16854"},{"taxonomy":"post_tag","embeddable":true,"href":"https:\/\/www.miguelfaccio.com.br\/blog\/index.php\/wp-json\/wp\/v2\/tags?post=16854"}],"curies":[{"name":"wp","href":"https:\/\/api.w.org\/{rel}","templated":true}]}}