{"id":16850,"date":"2023-10-24T08:06:18","date_gmt":"2023-10-24T11:06:18","guid":{"rendered":"https:\/\/www.miguelfaccio.com.br\/blog\/?p=16850"},"modified":"2023-10-24T08:06:20","modified_gmt":"2023-10-24T11:06:20","slug":"plv3540-livro-24-diario-18-05-2021","status":"publish","type":"post","link":"https:\/\/www.miguelfaccio.com.br\/blog\/index.php\/plv3540-livro-24-diario-18-05-2021\/","title":{"rendered":"PLV3540 &#8211; Livro 24 &#8211; Di\u00e1rio, 18\/05\/2021"},"content":{"rendered":"\n<p class=\"has-text-align-right\"><strong>18\/05\/2021<\/strong><\/p>\n\n\n\n<p>Estamos a todo momento recebendo informa\u00e7\u00f5es sobre o andamento da prepara\u00e7\u00e3o para a subida da Terra para a quinta dimens\u00e3o. Essas informa\u00e7\u00f5es denotam a imensa quantidade de seres de alta luz, pertencentes, inclusive, a outras gal\u00e1xias, que v\u00eam nos abrir os olhos para que nos preparemos para esse evento fat\u00eddico, que, sem sombra de d\u00favidas, separar\u00e1 os bodes das ovelhas. Podemos p\u00f4r, aqui, as palavras do Cristo, \u201c<em>Estai preparados, pois n\u00e3o sabeis nem o dia e nem a hora<\/em>\u201d. O que podemos perceber \u00e9 que h\u00e1 uma aglomera\u00e7\u00e3o gigante em torno da Terra, ao comando do Grande Comando Intergal\u00e1ctico para Terra, que est\u00e1, somente, aguardando o momento em que o Pai der o sinal para come\u00e7ar. O ser humano est\u00e1 devastando o planeta em todos os sentidos, retirando sua cobertura vegetal, poluindo suas \u00e1guas, transformando o mar em uma lixeira, o consumo desenfreado de combust\u00edveis f\u00f3sseis destruindo sua prote\u00e7\u00e3o externa, a camada de oz\u00f4nio. Isso tudo est\u00e1 sendo observado pela legi\u00e3o de seres muito evolu\u00eddos, que est\u00e3o prontos a intervir neste lindo planeta azul. Est\u00e3o a observar, tamb\u00e9m, a gan\u00e2ncia de governantes que t\u00eam como causa mais pr\u00f3xima a morte pela fome. Ao menos nos pa\u00edses em desenvolvimento, isso \u00e9 uma constata\u00e7\u00e3o, e em situa\u00e7\u00f5es piores est\u00e3o pa\u00edses cujos governos s\u00e3o regidos pelo comunismo socialista. S\u00e3o nossos irm\u00e3os, mas o que podemos fazer contra um ex\u00e9rcito de espadas e baionetas? S\u00f3 nos resta implorar aos c\u00e9us que venham separar o joio do trigo.<\/p>\n","protected":false},"excerpt":{"rendered":"<p>18\/05\/2021 Estamos a todo momento recebendo informa\u00e7\u00f5es sobre o andamento da prepara\u00e7\u00e3o para a subida da Terra para a quinta dimens\u00e3o. Essas informa\u00e7\u00f5es denotam a imensa quantidade de seres de alta luz, pertencentes, inclusive, a outras gal\u00e1xias, que v\u00eam nos abrir os olhos para que nos preparemos para esse evento fat\u00eddico, que, sem sombra de [&hellip;]<\/p>\n","protected":false},"author":1,"featured_media":0,"comment_status":"open","ping_status":"open","sticky":false,"template":"","format":"standard","meta":{"_mi_skip_tracking":false},"categories":[30],"tags":[],"_links":{"self":[{"href":"https:\/\/www.miguelfaccio.com.br\/blog\/index.php\/wp-json\/wp\/v2\/posts\/16850"}],"collection":[{"href":"https:\/\/www.miguelfaccio.com.br\/blog\/index.php\/wp-json\/wp\/v2\/posts"}],"about":[{"href":"https:\/\/www.miguelfaccio.com.br\/blog\/index.php\/wp-json\/wp\/v2\/types\/post"}],"author":[{"embeddable":true,"href":"https:\/\/www.miguelfaccio.com.br\/blog\/index.php\/wp-json\/wp\/v2\/users\/1"}],"replies":[{"embeddable":true,"href":"https:\/\/www.miguelfaccio.com.br\/blog\/index.php\/wp-json\/wp\/v2\/comments?post=16850"}],"version-history":[{"count":1,"href":"https:\/\/www.miguelfaccio.com.br\/blog\/index.php\/wp-json\/wp\/v2\/posts\/16850\/revisions"}],"predecessor-version":[{"id":16851,"href":"https:\/\/www.miguelfaccio.com.br\/blog\/index.php\/wp-json\/wp\/v2\/posts\/16850\/revisions\/16851"}],"wp:attachment":[{"href":"https:\/\/www.miguelfaccio.com.br\/blog\/index.php\/wp-json\/wp\/v2\/media?parent=16850"}],"wp:term":[{"taxonomy":"category","embeddable":true,"href":"https:\/\/www.miguelfaccio.com.br\/blog\/index.php\/wp-json\/wp\/v2\/categories?post=16850"},{"taxonomy":"post_tag","embeddable":true,"href":"https:\/\/www.miguelfaccio.com.br\/blog\/index.php\/wp-json\/wp\/v2\/tags?post=16850"}],"curies":[{"name":"wp","href":"https:\/\/api.w.org\/{rel}","templated":true}]}}