{"id":16812,"date":"2023-10-15T08:04:07","date_gmt":"2023-10-15T11:04:07","guid":{"rendered":"https:\/\/www.miguelfaccio.com.br\/blog\/?p=16812"},"modified":"2023-10-15T08:04:10","modified_gmt":"2023-10-15T11:04:10","slug":"plv3531-livro-24-diario-09-05-2021","status":"publish","type":"post","link":"https:\/\/www.miguelfaccio.com.br\/blog\/index.php\/plv3531-livro-24-diario-09-05-2021\/","title":{"rendered":"PLV3531 &#8211; Livro 24 &#8211; Di\u00e1rio, 09\/05\/2021"},"content":{"rendered":"\n<p class=\"has-text-align-right\"><strong>09\/05\/2021<\/strong><\/p>\n\n\n\n<p>Sempre, quando o esp\u00edrito desce \u00e0 Terra para uma nova experi\u00eancia na mat\u00e9ria, o faz mediante um projeto feito exclusivamente para si. Ningu\u00e9m \u00e9 atirado no mundo como um n\u00e1ufrago em uma ilha deserta. N\u00e3o, todos, inclusive aqueles que n\u00e3o conseguem completar a forma\u00e7\u00e3o de seu corpo f\u00edsico, o feto. As causas que determinam a interrup\u00e7\u00e3o da gravidez podem ser inventadas pela ci\u00eancia dos homens, mas isso nada conta para a realidade do esp\u00edrito que estava naquela gesta\u00e7\u00e3o. Nunca se pode esquecer que, conforme uma lei universal e assim catalogada pela ci\u00eancia dos homens, \u201c<em>A todo o ato h\u00e1 um outro ato na mesma intensidade, mas em sentido contr\u00e1rio<\/em>\u201d. \u00c9 bom ter sempre em mente que nossa exist\u00eancia na mat\u00e9ria, em primeiro lugar, \u00e9 para cumprir o \u201cato e sentido contr\u00e1rio\u201d que acontecer\u00e1 sempre no agora, na mat\u00e9ria imediatamente e no esp\u00edrito, algumas vezes no mesmo ou quando retornar a um novo corpo, porque o tempo ser\u00e1 o agora. Para quem est\u00e1 fora da mat\u00e9ria, s\u00f3 existe o agora. Hoje, aqui na Terra, se comemora o Dia das M\u00e3es. Elevemos nosso pensamento ao universo, aben\u00e7oando aquelas que emprestaram seu ventre para gerar um novo ser, permitir que um esp\u00edrito repousasse por 9 meses em seu ventre, para formar um corpo, projetado pelo Conselho C\u00e1rmico para que aquele esp\u00edrito pudesse, quitando seus d\u00e9bitos do passado, evoluir. Para que isso possa acontecer, a m\u00e3e e o pai deram seu sim. A elas, ent\u00e3o, a nossa gratid\u00e3o, pedindo \u00e0s energias do universo que as cumulem de b\u00ean\u00e7\u00e3os.<\/p>\n","protected":false},"excerpt":{"rendered":"<p>09\/05\/2021 Sempre, quando o esp\u00edrito desce \u00e0 Terra para uma nova experi\u00eancia na mat\u00e9ria, o faz mediante um projeto feito exclusivamente para si. Ningu\u00e9m \u00e9 atirado no mundo como um n\u00e1ufrago em uma ilha deserta. N\u00e3o, todos, inclusive aqueles que n\u00e3o conseguem completar a forma\u00e7\u00e3o de seu corpo f\u00edsico, o feto. As causas que determinam [&hellip;]<\/p>\n","protected":false},"author":1,"featured_media":0,"comment_status":"open","ping_status":"open","sticky":false,"template":"","format":"standard","meta":{"_mi_skip_tracking":false},"categories":[30],"tags":[],"_links":{"self":[{"href":"https:\/\/www.miguelfaccio.com.br\/blog\/index.php\/wp-json\/wp\/v2\/posts\/16812"}],"collection":[{"href":"https:\/\/www.miguelfaccio.com.br\/blog\/index.php\/wp-json\/wp\/v2\/posts"}],"about":[{"href":"https:\/\/www.miguelfaccio.com.br\/blog\/index.php\/wp-json\/wp\/v2\/types\/post"}],"author":[{"embeddable":true,"href":"https:\/\/www.miguelfaccio.com.br\/blog\/index.php\/wp-json\/wp\/v2\/users\/1"}],"replies":[{"embeddable":true,"href":"https:\/\/www.miguelfaccio.com.br\/blog\/index.php\/wp-json\/wp\/v2\/comments?post=16812"}],"version-history":[{"count":1,"href":"https:\/\/www.miguelfaccio.com.br\/blog\/index.php\/wp-json\/wp\/v2\/posts\/16812\/revisions"}],"predecessor-version":[{"id":16813,"href":"https:\/\/www.miguelfaccio.com.br\/blog\/index.php\/wp-json\/wp\/v2\/posts\/16812\/revisions\/16813"}],"wp:attachment":[{"href":"https:\/\/www.miguelfaccio.com.br\/blog\/index.php\/wp-json\/wp\/v2\/media?parent=16812"}],"wp:term":[{"taxonomy":"category","embeddable":true,"href":"https:\/\/www.miguelfaccio.com.br\/blog\/index.php\/wp-json\/wp\/v2\/categories?post=16812"},{"taxonomy":"post_tag","embeddable":true,"href":"https:\/\/www.miguelfaccio.com.br\/blog\/index.php\/wp-json\/wp\/v2\/tags?post=16812"}],"curies":[{"name":"wp","href":"https:\/\/api.w.org\/{rel}","templated":true}]}}