{"id":16804,"date":"2023-10-13T09:09:34","date_gmt":"2023-10-13T12:09:34","guid":{"rendered":"https:\/\/www.miguelfaccio.com.br\/blog\/?p=16804"},"modified":"2023-10-13T09:09:38","modified_gmt":"2023-10-13T12:09:38","slug":"plv3529-livro-24-diario-07-05-2021","status":"publish","type":"post","link":"https:\/\/www.miguelfaccio.com.br\/blog\/index.php\/plv3529-livro-24-diario-07-05-2021\/","title":{"rendered":"PLV3529 &#8211; Livro 24 &#8211; Di\u00e1rio, 07\/05\/2021"},"content":{"rendered":"\n<p class=\"has-text-align-right\"><strong>07\/05\/2021<\/strong><\/p>\n\n\n\n<p>Toda e qualquer transforma\u00e7\u00e3o sempre inicia na mente do ser humano. Ele \u00e9 o agente transformador tanto para a evolu\u00e7\u00e3o como para a decad\u00eancia, que pode ser material, moral ou at\u00e9 espiritual. Aqueles esp\u00edritos que, encarnados, tornam-se o algoz de seus semelhantes, involuem, andam para tr\u00e1s, como um caranguejo. Muitos destes ainda andam por a\u00ed, vestindo terno e gravata italiana. S\u00e3o aqueles que, sem d\u00f3 nem piedade de ningu\u00e9m, ainda ousam assaltar seus minguados trocos que levam no bolso, fruto de seu suor e l\u00e1grimas. Isso fazem porque o consciente insano de seu corpo s\u00f3 pensa em locupletar-se, custe o que custar. Dia vir\u00e1 em que seu belo corpo insano ser\u00e1 atirado aos vermes e seu esp\u00edrito apresentar-se-\u00e1 diante do juiz, que \u00e9 sua pr\u00f3pria consci\u00eancia, e o acusar\u00e1, mostrando-lhe, como se fora num filme, seus atos insanos praticados contra seus irm\u00e3os de ess\u00eancia. Como dizia um rapaz Bruno em nossas sess\u00f5es de terapia hol\u00edstica, sua alma do\u00eda ao ver as pessoas que sofriam por causa das drogas que vendia. Est\u00e1 na hora de esta humanidade reverter seu quadro decadente e come\u00e7ar a pensar um pouco no que vem quando seu escravizador corpo descer ao t\u00famulo. \u00c9 preciso entrar no consciente dessa humanidade que seu corpo \u00e9 apenas um instrumento de curta dura\u00e7\u00e3o, para uma ess\u00eancia que nunca teve come\u00e7o e nunca ter\u00e1 fim e, no meio disso, estar\u00e1 um corpo, seu corpo, o corpo de todo o humano, a fim de evoluir, e voc\u00ea lhe destr\u00f3i esse objetivo que \u00e9 seu.<\/p>\n","protected":false},"excerpt":{"rendered":"<p>07\/05\/2021 Toda e qualquer transforma\u00e7\u00e3o sempre inicia na mente do ser humano. Ele \u00e9 o agente transformador tanto para a evolu\u00e7\u00e3o como para a decad\u00eancia, que pode ser material, moral ou at\u00e9 espiritual. Aqueles esp\u00edritos que, encarnados, tornam-se o algoz de seus semelhantes, involuem, andam para tr\u00e1s, como um caranguejo. Muitos destes ainda andam por [&hellip;]<\/p>\n","protected":false},"author":1,"featured_media":0,"comment_status":"open","ping_status":"open","sticky":false,"template":"","format":"standard","meta":{"_mi_skip_tracking":false},"categories":[30],"tags":[],"_links":{"self":[{"href":"https:\/\/www.miguelfaccio.com.br\/blog\/index.php\/wp-json\/wp\/v2\/posts\/16804"}],"collection":[{"href":"https:\/\/www.miguelfaccio.com.br\/blog\/index.php\/wp-json\/wp\/v2\/posts"}],"about":[{"href":"https:\/\/www.miguelfaccio.com.br\/blog\/index.php\/wp-json\/wp\/v2\/types\/post"}],"author":[{"embeddable":true,"href":"https:\/\/www.miguelfaccio.com.br\/blog\/index.php\/wp-json\/wp\/v2\/users\/1"}],"replies":[{"embeddable":true,"href":"https:\/\/www.miguelfaccio.com.br\/blog\/index.php\/wp-json\/wp\/v2\/comments?post=16804"}],"version-history":[{"count":1,"href":"https:\/\/www.miguelfaccio.com.br\/blog\/index.php\/wp-json\/wp\/v2\/posts\/16804\/revisions"}],"predecessor-version":[{"id":16805,"href":"https:\/\/www.miguelfaccio.com.br\/blog\/index.php\/wp-json\/wp\/v2\/posts\/16804\/revisions\/16805"}],"wp:attachment":[{"href":"https:\/\/www.miguelfaccio.com.br\/blog\/index.php\/wp-json\/wp\/v2\/media?parent=16804"}],"wp:term":[{"taxonomy":"category","embeddable":true,"href":"https:\/\/www.miguelfaccio.com.br\/blog\/index.php\/wp-json\/wp\/v2\/categories?post=16804"},{"taxonomy":"post_tag","embeddable":true,"href":"https:\/\/www.miguelfaccio.com.br\/blog\/index.php\/wp-json\/wp\/v2\/tags?post=16804"}],"curies":[{"name":"wp","href":"https:\/\/api.w.org\/{rel}","templated":true}]}}