{"id":16800,"date":"2023-10-12T08:46:47","date_gmt":"2023-10-12T11:46:47","guid":{"rendered":"https:\/\/www.miguelfaccio.com.br\/blog\/?p=16800"},"modified":"2023-10-12T08:46:50","modified_gmt":"2023-10-12T11:46:50","slug":"plv3528-livro-24-diario-06-05-2021","status":"publish","type":"post","link":"https:\/\/www.miguelfaccio.com.br\/blog\/index.php\/plv3528-livro-24-diario-06-05-2021\/","title":{"rendered":"PLV3528 &#8211; Livro 24 &#8211; Di\u00e1rio, 06\/05\/2021"},"content":{"rendered":"\n<p class=\"has-text-align-right\"><strong>06\/05\/2021<\/strong><\/p>\n\n\n\n<p>Todo parto \u00e9 dif\u00edcil. N\u00f3s j\u00e1 estamos presenciando e sentindo o parto da m\u00e3e Terra para passar do ventre da terceira dimens\u00e3o para a liberdade e progresso da quinta dimens\u00e3o. O que mais tem complicado esse parto \u00e9 o pr\u00f3prio rei da cria\u00e7\u00e3o, que n\u00e3o se aceita como instrumento e prefere determinar por si s\u00f3 seus caminhos. Como dizia o Cristo, \u201cinsensato que \u00e9s\u201d, v\u00eas apenas o que est\u00e1 a um palmo de teu nariz e queres determinar o que vai pelo planeta inteiro. N\u00e3o conheces e jamais imaginas o que vai atr\u00e1s da mat\u00e9ria, o que est\u00e1 escondido \u00e0 tua m\u00edsera percep\u00e7\u00e3o de realidades que determinam o andar do universo. Tu tens o poder de criar, mas somente crias desordens para ti e tudo o que te rodeia. H\u00e1 uma lei na ci\u00eancia dos homens que diz: \u201c<em>A todo o ato h\u00e1 um outro ato na mesma intensidade, mas em sentido contr\u00e1rio<\/em>\u201d. \u00c9s t\u00e3o insano que isso n\u00e3o te diz nada. No entanto, essa lei rege n\u00e3o s\u00f3 a ci\u00eancia dos homens, mas, tamb\u00e9m, tudo o que h\u00e1 no universo. Hoje, crias desarmonias e, amanh\u00e3, vais colher o qu\u00ea? O mesmo que plantaste, criaste e atiraste sobre as tuas pr\u00f3prias costas para colher amanh\u00e3. Hoje, esta vida passa, mas, amanh\u00e3, tu mesmo, em outro corpo, vais ter que cumprir o \u201c<em>ato em sentido contr\u00e1rio<\/em>\u201d, porque nada \u00e9 esquecido no universo. Quando teu corpo morrer, tua consci\u00eancia, n\u00e3o a do corpo, porque est\u00e1 no cemit\u00e9rio, mas a da ess\u00eancia, que \u00e9s tu, vai apontar o dedo para o teu nariz e dizer: \u00e9s culpado. Volta para resgatar tudo o que fizeste naquele teu corpo insano.<\/p>\n","protected":false},"excerpt":{"rendered":"<p>06\/05\/2021 Todo parto \u00e9 dif\u00edcil. N\u00f3s j\u00e1 estamos presenciando e sentindo o parto da m\u00e3e Terra para passar do ventre da terceira dimens\u00e3o para a liberdade e progresso da quinta dimens\u00e3o. O que mais tem complicado esse parto \u00e9 o pr\u00f3prio rei da cria\u00e7\u00e3o, que n\u00e3o se aceita como instrumento e prefere determinar por si [&hellip;]<\/p>\n","protected":false},"author":1,"featured_media":0,"comment_status":"open","ping_status":"open","sticky":false,"template":"","format":"standard","meta":{"_mi_skip_tracking":false},"categories":[30],"tags":[],"_links":{"self":[{"href":"https:\/\/www.miguelfaccio.com.br\/blog\/index.php\/wp-json\/wp\/v2\/posts\/16800"}],"collection":[{"href":"https:\/\/www.miguelfaccio.com.br\/blog\/index.php\/wp-json\/wp\/v2\/posts"}],"about":[{"href":"https:\/\/www.miguelfaccio.com.br\/blog\/index.php\/wp-json\/wp\/v2\/types\/post"}],"author":[{"embeddable":true,"href":"https:\/\/www.miguelfaccio.com.br\/blog\/index.php\/wp-json\/wp\/v2\/users\/1"}],"replies":[{"embeddable":true,"href":"https:\/\/www.miguelfaccio.com.br\/blog\/index.php\/wp-json\/wp\/v2\/comments?post=16800"}],"version-history":[{"count":1,"href":"https:\/\/www.miguelfaccio.com.br\/blog\/index.php\/wp-json\/wp\/v2\/posts\/16800\/revisions"}],"predecessor-version":[{"id":16801,"href":"https:\/\/www.miguelfaccio.com.br\/blog\/index.php\/wp-json\/wp\/v2\/posts\/16800\/revisions\/16801"}],"wp:attachment":[{"href":"https:\/\/www.miguelfaccio.com.br\/blog\/index.php\/wp-json\/wp\/v2\/media?parent=16800"}],"wp:term":[{"taxonomy":"category","embeddable":true,"href":"https:\/\/www.miguelfaccio.com.br\/blog\/index.php\/wp-json\/wp\/v2\/categories?post=16800"},{"taxonomy":"post_tag","embeddable":true,"href":"https:\/\/www.miguelfaccio.com.br\/blog\/index.php\/wp-json\/wp\/v2\/tags?post=16800"}],"curies":[{"name":"wp","href":"https:\/\/api.w.org\/{rel}","templated":true}]}}