{"id":13883,"date":"2021-11-09T08:25:43","date_gmt":"2021-11-09T11:25:43","guid":{"rendered":"https:\/\/www.miguelfaccio.com.br\/blog\/?p=13883"},"modified":"2021-11-09T08:25:57","modified_gmt":"2021-11-09T11:25:57","slug":"plv2859-livro-21-diario-05-07-2019","status":"publish","type":"post","link":"https:\/\/www.miguelfaccio.com.br\/blog\/index.php\/plv2859-livro-21-diario-05-07-2019\/","title":{"rendered":"PLV2859 &#8211; Livro 21 &#8211; Di\u00e1rio, 05\/07\/2019"},"content":{"rendered":"\n<p class=\"has-text-align-right\"><strong>05\/07\/2019<\/strong><\/p>\n\n\n\n<p>A vida em suas m\u00faltiplas facetas que se apresenta \u00e0 nossa frente quando estamos encarnados em um corpo f\u00edsico s\u00e3o apenas uma p\u00e1lida ideia da realidade que teremos quando retornarmos ao mundo espiritual, \u00e0 vida ap\u00f3s a vida. Encarnado, muito \u00e9 encoberto pela a\u00e7\u00e3o do consciente exterior que s\u00f3 tem conhecimento daquilo que passou pelos seus cinco sentidos obtusos. O que foge a essa percep\u00e7\u00e3o, escapa totalmente de uma capacidade de avalia\u00e7\u00e3o. H\u00e1 somente possibilidade de alargar a conscientiza\u00e7\u00e3o de nossa realidade se o consciente exterior se abrir e buscar novos conhecimentos, que sempre est\u00e3o dispon\u00edveis a quem, de mente aberta, buscar as realidades que est\u00e3o escondidas atr\u00e1s da mat\u00e9ria, mas que se abrem em leque para aqueles que se disp\u00f5e a perquirir, a questionar, a buscar informa\u00e7\u00f5es que, por ora, fogem de nosso conhecimento pela in\u00e9rcia ou mesmo desleixo em tentar saber quem somos, de onde viemos e para onde iremos depois que nosso corpo voltar ao p\u00f3 da terra. Essas preocupa\u00e7\u00f5es precisariam estar sempre presentes em nossa mente, porque s\u00e3o elas que nos dar\u00e3o a t\u00f4nica de nosso proceder para com a ess\u00eancia que est\u00e1 dentro de n\u00f3s e que subsiste ao curto tr\u00e2nsito pelo planeta, que embota a percep\u00e7\u00e3o de quem realmente somos, mas que, tamb\u00e9m, nos d\u00e1 a possibilidade de evoluir aquilo que subsiste \u00e0 mat\u00e9ria.<\/p>\n","protected":false},"excerpt":{"rendered":"<p>05\/07\/2019 A vida em suas m\u00faltiplas facetas que se apresenta \u00e0 nossa frente quando estamos encarnados em um corpo f\u00edsico s\u00e3o apenas uma p\u00e1lida ideia da realidade que teremos quando retornarmos ao mundo espiritual, \u00e0 vida ap\u00f3s a vida. Encarnado, muito \u00e9 encoberto pela a\u00e7\u00e3o do consciente exterior que s\u00f3 tem conhecimento daquilo que passou [&hellip;]<\/p>\n","protected":false},"author":1,"featured_media":0,"comment_status":"open","ping_status":"open","sticky":false,"template":"","format":"standard","meta":{"_mi_skip_tracking":false},"categories":[27],"tags":[],"_links":{"self":[{"href":"https:\/\/www.miguelfaccio.com.br\/blog\/index.php\/wp-json\/wp\/v2\/posts\/13883"}],"collection":[{"href":"https:\/\/www.miguelfaccio.com.br\/blog\/index.php\/wp-json\/wp\/v2\/posts"}],"about":[{"href":"https:\/\/www.miguelfaccio.com.br\/blog\/index.php\/wp-json\/wp\/v2\/types\/post"}],"author":[{"embeddable":true,"href":"https:\/\/www.miguelfaccio.com.br\/blog\/index.php\/wp-json\/wp\/v2\/users\/1"}],"replies":[{"embeddable":true,"href":"https:\/\/www.miguelfaccio.com.br\/blog\/index.php\/wp-json\/wp\/v2\/comments?post=13883"}],"version-history":[{"count":1,"href":"https:\/\/www.miguelfaccio.com.br\/blog\/index.php\/wp-json\/wp\/v2\/posts\/13883\/revisions"}],"predecessor-version":[{"id":13884,"href":"https:\/\/www.miguelfaccio.com.br\/blog\/index.php\/wp-json\/wp\/v2\/posts\/13883\/revisions\/13884"}],"wp:attachment":[{"href":"https:\/\/www.miguelfaccio.com.br\/blog\/index.php\/wp-json\/wp\/v2\/media?parent=13883"}],"wp:term":[{"taxonomy":"category","embeddable":true,"href":"https:\/\/www.miguelfaccio.com.br\/blog\/index.php\/wp-json\/wp\/v2\/categories?post=13883"},{"taxonomy":"post_tag","embeddable":true,"href":"https:\/\/www.miguelfaccio.com.br\/blog\/index.php\/wp-json\/wp\/v2\/tags?post=13883"}],"curies":[{"name":"wp","href":"https:\/\/api.w.org\/{rel}","templated":true}]}}