{"id":13871,"date":"2021-11-06T09:05:36","date_gmt":"2021-11-06T12:05:36","guid":{"rendered":"https:\/\/www.miguelfaccio.com.br\/blog\/?p=13871"},"modified":"2021-11-06T09:05:39","modified_gmt":"2021-11-06T12:05:39","slug":"rcd2702-raios-ou-chamas","status":"publish","type":"post","link":"https:\/\/www.miguelfaccio.com.br\/blog\/index.php\/rcd2702-raios-ou-chamas\/","title":{"rendered":"RCD2702\u2013 Raios ou Chamas"},"content":{"rendered":"\n<p class=\"has-text-align-right\"><strong>Mensagem da M\u00e3e Terra <br>Canalizada por Pamela Kribbe<\/strong><\/p>\n\n\n\n<p>DEIXE QUE SEU CORPO SEJA O SEU GUIA<\/p>\n\n\n\n<p>18 Setembro 2021<\/p>\n\n\n\n<p>Queridas pessoas<\/p>\n\n\n\n<p>Eu sou a voz da Terra. Eu os sa\u00fado a partir do solo profundo sob seus p\u00e9s; eu sou o Cora\u00e7\u00e3o da Terra falando. Quero restaurar a conex\u00e3o com todos voc\u00eas, e vivenciar e celebrar essa conex\u00e3o, porque a vida aqui na Terra foi feita para ser alegre. Voc\u00eas est\u00e3o aqui para experimentar a alegria, embora seja poss\u00edvel que passem primeiro por eventos dolorosos, para que possam redescobrir e conhecer novamente a alegria natural que faz parte da ess\u00eancia de toda a realidade. Mas, lembrem-se sempre que, no fundo, a vida \u00e9 boa. Existe uma corrente positiva que acelera o crescimento e florescimento, tanto no plano interno quanto no externo. Esta corrente \u00e9 a ess\u00eancia do universo \u2013 uma energia vivificante, positiva, encorajadora. E \u00e9 a\u00ed que reside a sua seguran\u00e7a, com uma prote\u00e7\u00e3o em seu n\u00edvel mais b\u00e1sico.<\/p>\n\n\n\n<p>Quando voc\u00ea sabe que a vida \u00e9 boa, que o universo lhe oferece um terreno onde se desenvolver e crescer; quando voc\u00ea consegue experimentar esse sentimento positivo, voc\u00ea \u00e9 realmente capaz de relaxar. A capacidade de se sentir seguro e a de relaxar s\u00e3o insepar\u00e1veis; voc\u00ea n\u00e3o consegue relaxar quando se sente inseguro. Neste caso, parte de voc\u00ea recua, n\u00e3o fica inteiramente presente e n\u00e3o consegue participar do fluxo do crescimento positivo, da alegria que \u00e9 natural para voc\u00ea. Quando se sente tenso, voc\u00ea se afasta das maravilhas da vida; voc\u00ea se induz a ficar meio morto por dentro. Por medo, voc\u00ea se afasta da vida e, portanto, n\u00e3o consegue ver todas as possibilidades que ela lhe oferece, limitando-se ao que voc\u00ea sabe e ao que o faz sentir-se seguro. Mas a verdadeira seguran\u00e7a n\u00e3o vem de restri\u00e7\u00f5es ou regras. A verdadeira seguran\u00e7a vem da sensa\u00e7\u00e3o de que tudo est\u00e1 bem, mesmo que voc\u00ea n\u00e3o saiba, com sua mente, como, o que e para onde tudo isso est\u00e1 indo<\/p>\n\n\n\n<p>Para experimentar a verdadeira seguran\u00e7a, voc\u00ea precisa sair da sua cabe\u00e7a, da sua mente pensante, e afastar-se do medo, porque o medo e a mente pensante geralmente trabalham juntos. Existe um medo fundamental em muitos de voc\u00eas \u2013 aquela sensa\u00e7\u00e3o de inseguran\u00e7a que os leva a buscar solu\u00e7\u00f5es com a mente pensante e tomar medidas que tentem tornar a vida administr\u00e1vel e segura. Mas isto n\u00e3o funciona, porque equivale a uma manifesta\u00e7\u00e3o de tens\u00e3o, de um sentimento profundo de inseguran\u00e7a.<\/p>\n\n\n\n<p>Permita-se relaxar agora, come\u00e7ando pelo seu corpo. Imagine que toda a tens\u00e3o se escoa lentamente dos m\u00fasculos do seu corpo. Seu corpo sabe como relaxar; geralmente s\u00e3o os medos que impedem que isto aconte\u00e7a. Ent\u00e3o diga ao seu corpo: \u201cPasso o comando para voc\u00ea! Diga-me como devo me sentar e respirar, de modo a ficar relaxado.\u201d E, ent\u00e3o, diga \u00e0 sua crian\u00e7a interior \u2013 que \u00e9 a sede das suas emo\u00e7\u00f5es \u2013 que ela tamb\u00e9m est\u00e1 livre para relaxar; que ela tamb\u00e9m pode expressar todas as emo\u00e7\u00f5es que sentir. N\u00e3o h\u00e1 nenhuma proibi\u00e7\u00e3o no seu esp\u00edrito, na sua consci\u00eancia; tudo tem permiss\u00e3o para se expressar e h\u00e1 lugar para tudo.<\/p>\n\n\n\n<p>Sinta como, ao fazer isto, voc\u00ea aumenta e expande sua consci\u00eancia; voc\u00ea permite que seu corpo encontre seu pr\u00f3prio caminho e ritmo; e permite que sua crian\u00e7a interior se expresse. Ela sabe como fazer isto, como deixar tudo isto acontecer. E voc\u00ea confia que tudo isto \u00e9 poss\u00edvel, porque, no fundo do seu ser, voc\u00ea sabe que a vida \u00e9 boa, que a vida \u00e9 um fluxo positivo. Permita-se ficar bem quieto internamente, enquanto expira totalmente. Permita que tudo se afaste lentamente de voc\u00ea \u2013 suas preocupa\u00e7\u00f5es, a tens\u00e3o, as ansiedades da vida di\u00e1ria\u2026<\/p>\n\n\n\n<p>Em voc\u00ea existe um sil\u00eancio, um espa\u00e7o que n\u00e3o \u00e9 afetado por todo o barulho, todos os est\u00edmulos e pensamentos. Nesse espa\u00e7o silencioso, voc\u00ea \u00e9 uno com Deus. Voc\u00ea n\u00e3o \u00e9 algu\u00e9m que est\u00e1 separado e s\u00f3; voc\u00ea \u00e9 uno com o Todo. Voc\u00ea est\u00e1 envolvido e seguro dentro desse vasto Todo que \u00e9 Deus, e isto inclui o universo inteiro. Existe uma seguran\u00e7a indestrut\u00edvel e ela \u00e9 boa. Saiba que, na base e origem de tudo, reside uma for\u00e7a boa e amorosa, uma for\u00e7a que \u00e9 criativa al\u00e9m da imagina\u00e7\u00e3o, e da qual voc\u00ea nasceu. Talvez voc\u00ea veja essa Fonte aparecer diante de si como uma luz branca muito pura; ent\u00e3o deixe essa luz fluir ao seu redor e atrav\u00e9s de voc\u00ea. Esta \u00e9 a sua base, a sua funda\u00e7\u00e3o! Aqui reside a origem de toda a seguran\u00e7a e for\u00e7a que voc\u00ea est\u00e1 procurando.<\/p>\n\n\n\n<p>\u00c9 muito comum que, no dia-a-dia, as pessoas busquem seguran\u00e7a e a encontrem nos pap\u00e9is que elas desempenham, especialmente em rela\u00e7\u00e3o a outras pessoas \u2013 como nos pap\u00e9is de pai ou m\u00e3e, empregador ou empregadora, amigo\u2026 algu\u00e9m que seja sustento e ref\u00fagio de outros ou que seja importante no mundo do seu trabalho e atividades. Muitas pessoas adquirem uma sensa\u00e7\u00e3o de seguran\u00e7a ao fazerem esses pap\u00e9is e, assim, podem relaxar por uns instantes, quando os est\u00e3o desempenhando. Elas sentem que t\u00eam um significado e valor para outras pessoas, e isto faz com que se sintam dignas, merecedoras. Elas cumprem uma fun\u00e7\u00e3o que as faz sentirem-se reconhecidas e aceitas.<\/p>\n\n\n\n<p>Mas, perceba como, por tr\u00e1s do cumprimento desse papel, se encontra um medo profundo de n\u00e3o ser competente e, portanto, n\u00e3o estar seguro. Nesta vida, voc\u00ea \u00e9 treinado a se concentrar em pap\u00e9is e metas externos. \u00c9 como se tudo na sua cria\u00e7\u00e3o e educa\u00e7\u00e3o tivesse o objetivo de prepar\u00e1-lo para o mundo exterior. Entretanto, nessa prepara\u00e7\u00e3o h\u00e1 algo impl\u00edcito que afirma: \u201cVoc\u00ea n\u00e3o \u00e9 bom do jeito que voc\u00ea \u00e9. Deve haver todo tipo de coisa errada com voc\u00ea e, portanto, voc\u00ea precisa ser polido e aperfei\u00e7oado, de modo a tornar-se aceit\u00e1vel.\u201d&nbsp; E, embora as coisas estejam mudando no mundo nesta \u00e9poca, e haja mais respeito pelo mundo interior e pelo que as pessoas trazem naturalmente dentro de si, ainda h\u00e1 muito progresso a ser alcan\u00e7ado nesta \u00e1rea. Muitas pessoas ainda est\u00e3o sobrecarregadas por uma sensa\u00e7\u00e3o b\u00e1sica de inseguran\u00e7a, de n\u00e3o serem suficientemente boas, de serem indignas do jeito que elas s\u00e3o.<\/p>\n\n\n\n<p>continua<\/p>\n","protected":false},"excerpt":{"rendered":"<p>Mensagem da M\u00e3e Terra Canalizada por Pamela Kribbe DEIXE QUE SEU CORPO SEJA O SEU GUIA 18 Setembro 2021 Queridas pessoas Eu sou a voz da Terra. Eu os sa\u00fado a partir do solo profundo sob seus p\u00e9s; eu sou o Cora\u00e7\u00e3o da Terra falando. Quero restaurar a conex\u00e3o com todos voc\u00eas, e vivenciar e [&hellip;]<\/p>\n","protected":false},"author":1,"featured_media":0,"comment_status":"open","ping_status":"open","sticky":false,"template":"","format":"standard","meta":{"_mi_skip_tracking":false},"categories":[3],"tags":[],"_links":{"self":[{"href":"https:\/\/www.miguelfaccio.com.br\/blog\/index.php\/wp-json\/wp\/v2\/posts\/13871"}],"collection":[{"href":"https:\/\/www.miguelfaccio.com.br\/blog\/index.php\/wp-json\/wp\/v2\/posts"}],"about":[{"href":"https:\/\/www.miguelfaccio.com.br\/blog\/index.php\/wp-json\/wp\/v2\/types\/post"}],"author":[{"embeddable":true,"href":"https:\/\/www.miguelfaccio.com.br\/blog\/index.php\/wp-json\/wp\/v2\/users\/1"}],"replies":[{"embeddable":true,"href":"https:\/\/www.miguelfaccio.com.br\/blog\/index.php\/wp-json\/wp\/v2\/comments?post=13871"}],"version-history":[{"count":1,"href":"https:\/\/www.miguelfaccio.com.br\/blog\/index.php\/wp-json\/wp\/v2\/posts\/13871\/revisions"}],"predecessor-version":[{"id":13872,"href":"https:\/\/www.miguelfaccio.com.br\/blog\/index.php\/wp-json\/wp\/v2\/posts\/13871\/revisions\/13872"}],"wp:attachment":[{"href":"https:\/\/www.miguelfaccio.com.br\/blog\/index.php\/wp-json\/wp\/v2\/media?parent=13871"}],"wp:term":[{"taxonomy":"category","embeddable":true,"href":"https:\/\/www.miguelfaccio.com.br\/blog\/index.php\/wp-json\/wp\/v2\/categories?post=13871"},{"taxonomy":"post_tag","embeddable":true,"href":"https:\/\/www.miguelfaccio.com.br\/blog\/index.php\/wp-json\/wp\/v2\/tags?post=13871"}],"curies":[{"name":"wp","href":"https:\/\/api.w.org\/{rel}","templated":true}]}}